	[{"@context":"https:\/\/schema.org\/","@type":"Blog","@id":"https:\/\/www.bretong.cz#Blog","headline":"Bretong","description":"\nMnoho velk\u00fdch my\u0161lenek jist\u011b nen\u00e1vratn\u011b zmizelo v pr\u016fb\u011bhu d\u011bjin v prachu zapomn\u011bn\u00ed. A proto jsme si dali za \u00fakol na na\u0161em webu moudrost uchov\u00e1vat.","url":"https:\/\/www.bretong.cz","hasPart":[{"@type":"Article","@id":"https:\/\/www.bretong.cz\/idealni-dovolena-pro-samotare-a-introverty-kefalonsky-ostrov\/","headline":"Ide\u00e1ln\u00ed dovolen\u00e1 pro samot\u00e1\u0159e a introverty: Kefalonsk\u00fd ostrov","url":"https:\/\/www.bretong.cz\/idealni-dovolena-pro-samotare-a-introverty-kefalonsky-ostrov\/","datePublished":"2026-08-21","dateModified":"2023-05-03","mainEntityOfPage":"https:\/\/www.bretong.cz\/idealni-dovolena-pro-samotare-a-introverty-kefalonsky-ostrov\/","author":{"@type":"Person","@id":"https:\/\/www.bretong.cz\/author\/#Person","name":"","url":"https:\/\/www.bretong.cz\/author\/","identifier":1,"image":{"@type":"ImageObject","@id":"https:\/\/secure.gravatar.com\/avatar\/01173f1da90dde8adb887d6793fa4e42c4004e53f8d645d9b1cb57c2dee8e188?s=96&d=mm&r=g","url":"https:\/\/secure.gravatar.com\/avatar\/01173f1da90dde8adb887d6793fa4e42c4004e53f8d645d9b1cb57c2dee8e188?s=96&d=mm&r=g","height":96,"width":96}},"publisher":{"@type":"Organization","name":"bretong.cz","logo":{"@type":"ImageObject","@id":"\/logo.png","url":"\/logo.png","width":600,"height":60}},"image":{"@type":"ImageObject","@id":"https:\/\/www.bretong.cz\/wp-content\/uploads\/art284824_1x1_20260817_100448_sNLUSr.jpg","url":"https:\/\/www.bretong.cz\/wp-content\/uploads\/art284824_1x1_20260817_100448_sNLUSr.jpg","height":0,"width":0},"wordCount":498,"keywords":null},{"@type":"Article","@id":"https:\/\/www.bretong.cz\/ceni-se-nahled-ostatnich-lidi-selvintech-zkusenosti\/","headline":"Cen\u00ed se n\u00e1hled ostatn\u00edch lid\u00ed \u2013 Selvintech zku\u0161enosti","url":"https:\/\/www.bretong.cz\/ceni-se-nahled-ostatnich-lidi-selvintech-zkusenosti\/","datePublished":"2026-07-08","dateModified":"2023-10-10","mainEntityOfPage":"https:\/\/www.bretong.cz\/ceni-se-nahled-ostatnich-lidi-selvintech-zkusenosti\/","author":{"@type":"Person","@id":"https:\/\/www.bretong.cz\/author\/#Person","name":"","url":"https:\/\/www.bretong.cz\/author\/","identifier":1,"image":{"@type":"ImageObject","@id":"https:\/\/secure.gravatar.com\/avatar\/01173f1da90dde8adb887d6793fa4e42c4004e53f8d645d9b1cb57c2dee8e188?s=96&d=mm&r=g","url":"https:\/\/secure.gravatar.com\/avatar\/01173f1da90dde8adb887d6793fa4e42c4004e53f8d645d9b1cb57c2dee8e188?s=96&d=mm&r=g","height":96,"width":96}},"publisher":{"@type":"Organization","name":"bretong.cz","logo":{"@type":"ImageObject","@id":"\/logo.png","url":"\/logo.png","width":600,"height":60}},"image":{"@type":"ImageObject","@id":"https:\/\/www.bretong.cz\/wp-content\/uploads\/art284095_1x1_20260820_100001_qRcV39.jpg","url":"https:\/\/www.bretong.cz\/wp-content\/uploads\/art284095_1x1_20260820_100001_qRcV39.jpg","height":0,"width":0},"wordCount":523,"keywords":null},{"@type":"Article","@id":"https:\/\/www.bretong.cz\/zefektivnete-sve-pusobeni-na-internetu\/","headline":"Zefektivn\u011bte sv\u00e9 p\u016fsoben\u00ed na internetu","url":"https:\/\/www.bretong.cz\/zefektivnete-sve-pusobeni-na-internetu\/","datePublished":"2026-06-07","dateModified":"2023-05-03","mainEntityOfPage":"https:\/\/www.bretong.cz\/zefektivnete-sve-pusobeni-na-internetu\/","author":{"@type":"Person","@id":"https:\/\/www.bretong.cz\/author\/#Person","name":"","url":"https:\/\/www.bretong.cz\/author\/","identifier":1,"image":{"@type":"ImageObject","@id":"https:\/\/secure.gravatar.com\/avatar\/01173f1da90dde8adb887d6793fa4e42c4004e53f8d645d9b1cb57c2dee8e188?s=96&d=mm&r=g","url":"https:\/\/secure.gravatar.com\/avatar\/01173f1da90dde8adb887d6793fa4e42c4004e53f8d645d9b1cb57c2dee8e188?s=96&d=mm&r=g","height":96,"width":96}},"publisher":{"@type":"Organization","name":"bretong.cz","logo":{"@type":"ImageObject","@id":"\/logo.png","url":"\/logo.png","width":600,"height":60}},"image":{"@type":"ImageObject","@id":"https:\/\/www.bretong.cz\/wp-content\/uploads\/art282747_1x1_20260624_094834_8IfegN.jpg","url":"https:\/\/www.bretong.cz\/wp-content\/uploads\/art282747_1x1_20260624_094834_8IfegN.jpg","height":0,"width":0},"wordCount":562,"keywords":null},{"@type":"Article","@id":"https:\/\/www.bretong.cz\/proc-jsou-webove-stranky-a-socialni-site-po-firmy-tak-dulezite\/","headline":"Pro\u010d jsou webov\u00e9 str\u00e1nky a soci\u00e1ln\u00ed s\u00edt\u011b po firmy tak d\u016fle\u017eit\u00e9?","url":"https:\/\/www.bretong.cz\/proc-jsou-webove-stranky-a-socialni-site-po-firmy-tak-dulezite\/","datePublished":"2026-02-01","dateModified":"2026-02-01","mainEntityOfPage":"https:\/\/www.bretong.cz\/proc-jsou-webove-stranky-a-socialni-site-po-firmy-tak-dulezite\/","author":{"@type":"Person","@id":"https:\/\/www.bretong.cz\/author\/#Person","name":"","url":"https:\/\/www.bretong.cz\/author\/","identifier":1,"image":{"@type":"ImageObject","@id":"https:\/\/secure.gravatar.com\/avatar\/01173f1da90dde8adb887d6793fa4e42c4004e53f8d645d9b1cb57c2dee8e188?s=96&d=mm&r=g","url":"https:\/\/secure.gravatar.com\/avatar\/01173f1da90dde8adb887d6793fa4e42c4004e53f8d645d9b1cb57c2dee8e188?s=96&d=mm&r=g","height":96,"width":96}},"publisher":{"@type":"Organization","name":"bretong.cz","logo":{"@type":"ImageObject","@id":"\/logo.png","url":"\/logo.png","width":600,"height":60}},"image":{"@type":"ImageObject","@id":"https:\/\/www.bretong.cz\/wp-content\/uploads\/adem-ay-Tk9m_HP4rgQ-unsplash_3.jpg","url":"https:\/\/www.bretong.cz\/wp-content\/uploads\/adem-ay-Tk9m_HP4rgQ-unsplash_3.jpg","height":0,"width":0},"wordCount":867,"keywords":null},{"@type":"Article","@id":"https:\/\/www.bretong.cz\/dovolena-pro-starsi-generaci\/","headline":"Dovolen\u00e1 pro star\u0161\u00ed generaci","url":"https:\/\/www.bretong.cz\/dovolena-pro-starsi-generaci\/","datePublished":"2025-08-30","dateModified":"2025-08-30","mainEntityOfPage":"https:\/\/www.bretong.cz\/dovolena-pro-starsi-generaci\/","author":{"@type":"Person","@id":"https:\/\/www.bretong.cz\/author\/#Person","name":"","url":"https:\/\/www.bretong.cz\/author\/","identifier":1,"image":{"@type":"ImageObject","@id":"https:\/\/secure.gravatar.com\/avatar\/01173f1da90dde8adb887d6793fa4e42c4004e53f8d645d9b1cb57c2dee8e188?s=96&d=mm&r=g","url":"https:\/\/secure.gravatar.com\/avatar\/01173f1da90dde8adb887d6793fa4e42c4004e53f8d645d9b1cb57c2dee8e188?s=96&d=mm&r=g","height":96,"width":96}},"publisher":{"@type":"Organization","name":"bretong.cz","logo":{"@type":"ImageObject","@id":"\/logo.png","url":"\/logo.png","width":600,"height":60}},"image":null,"wordCount":287,"keywords":null},{"@type":"Article","@id":"https:\/\/www.bretong.cz\/plni-minimalne-dve-funkce\/","headline":"Pln\u00ed minim\u00e1ln\u011b dv\u011b funkce","url":"https:\/\/www.bretong.cz\/plni-minimalne-dve-funkce\/","datePublished":"2025-08-23","dateModified":"2025-08-23","mainEntityOfPage":"https:\/\/www.bretong.cz\/plni-minimalne-dve-funkce\/","author":{"@type":"Person","@id":"https:\/\/www.bretong.cz\/author\/#Person","name":"","url":"https:\/\/www.bretong.cz\/author\/","identifier":1,"image":{"@type":"ImageObject","@id":"https:\/\/secure.gravatar.com\/avatar\/01173f1da90dde8adb887d6793fa4e42c4004e53f8d645d9b1cb57c2dee8e188?s=96&d=mm&r=g","url":"https:\/\/secure.gravatar.com\/avatar\/01173f1da90dde8adb887d6793fa4e42c4004e53f8d645d9b1cb57c2dee8e188?s=96&d=mm&r=g","height":96,"width":96}},"publisher":{"@type":"Organization","name":"bretong.cz","logo":{"@type":"ImageObject","@id":"\/logo.png","url":"\/logo.png","width":600,"height":60}},"image":null,"wordCount":208,"keywords":null},{"@type":"Article","@id":"https:\/\/www.bretong.cz\/jednoducha-sprava-vaseho-odpadu\/","headline":"Jednoduch\u00e1 spr\u00e1va va\u0161eho odpadu","url":"https:\/\/www.bretong.cz\/jednoducha-sprava-vaseho-odpadu\/","datePublished":"2025-08-15","dateModified":"2025-08-15","mainEntityOfPage":"https:\/\/www.bretong.cz\/jednoducha-sprava-vaseho-odpadu\/","author":{"@type":"Person","@id":"https:\/\/www.bretong.cz\/author\/#Person","name":"","url":"https:\/\/www.bretong.cz\/author\/","identifier":1,"image":{"@type":"ImageObject","@id":"https:\/\/secure.gravatar.com\/avatar\/01173f1da90dde8adb887d6793fa4e42c4004e53f8d645d9b1cb57c2dee8e188?s=96&d=mm&r=g","url":"https:\/\/secure.gravatar.com\/avatar\/01173f1da90dde8adb887d6793fa4e42c4004e53f8d645d9b1cb57c2dee8e188?s=96&d=mm&r=g","height":96,"width":96}},"publisher":{"@type":"Organization","name":"bretong.cz","logo":{"@type":"ImageObject","@id":"\/logo.png","url":"\/logo.png","width":600,"height":60}},"image":null,"wordCount":221,"keywords":null},{"@type":"Article","@id":"https:\/\/www.bretong.cz\/skvele-rozhodnuti-pro-vasi-letosni-dovolenou\/","headline":"Skv\u011bl\u00e9 rozhodnut\u00ed pro va\u0161i leto\u0161n\u00ed dovolenou","url":"https:\/\/www.bretong.cz\/skvele-rozhodnuti-pro-vasi-letosni-dovolenou\/","datePublished":"2025-08-08","dateModified":"2025-08-08","mainEntityOfPage":"https:\/\/www.bretong.cz\/skvele-rozhodnuti-pro-vasi-letosni-dovolenou\/","author":{"@type":"Person","@id":"https:\/\/www.bretong.cz\/author\/#Person","name":"","url":"https:\/\/www.bretong.cz\/author\/","identifier":1,"image":{"@type":"ImageObject","@id":"https:\/\/secure.gravatar.com\/avatar\/01173f1da90dde8adb887d6793fa4e42c4004e53f8d645d9b1cb57c2dee8e188?s=96&d=mm&r=g","url":"https:\/\/secure.gravatar.com\/avatar\/01173f1da90dde8adb887d6793fa4e42c4004e53f8d645d9b1cb57c2dee8e188?s=96&d=mm&r=g","height":96,"width":96}},"publisher":{"@type":"Organization","name":"bretong.cz","logo":{"@type":"ImageObject","@id":"\/logo.png","url":"\/logo.png","width":600,"height":60}},"image":null,"wordCount":195,"keywords":null},{"@type":"Article","@id":"https:\/\/www.bretong.cz\/bila-barva-cistoty-a-elegance\/","headline":"B\u00edl\u00e1, barva \u010distoty a elegance","url":"https:\/\/www.bretong.cz\/bila-barva-cistoty-a-elegance\/","datePublished":"2025-08-02","dateModified":"2025-08-02","mainEntityOfPage":"https:\/\/www.bretong.cz\/bila-barva-cistoty-a-elegance\/","author":{"@type":"Person","@id":"https:\/\/www.bretong.cz\/author\/#Person","name":"","url":"https:\/\/www.bretong.cz\/author\/","identifier":1,"image":{"@type":"ImageObject","@id":"https:\/\/secure.gravatar.com\/avatar\/01173f1da90dde8adb887d6793fa4e42c4004e53f8d645d9b1cb57c2dee8e188?s=96&d=mm&r=g","url":"https:\/\/secure.gravatar.com\/avatar\/01173f1da90dde8adb887d6793fa4e42c4004e53f8d645d9b1cb57c2dee8e188?s=96&d=mm&r=g","height":96,"width":96}},"publisher":{"@type":"Organization","name":"bretong.cz","logo":{"@type":"ImageObject","@id":"\/logo.png","url":"\/logo.png","width":600,"height":60}},"image":null,"wordCount":257,"keywords":null},{"@type":"Article","@id":"https:\/\/www.bretong.cz\/kdyz-chcete-vic-nez-jen-obycejnost\/","headline":"Kdy\u017e chcete v\u00edc, ne\u017e jen oby\u010dejnost","url":"https:\/\/www.bretong.cz\/kdyz-chcete-vic-nez-jen-obycejnost\/","datePublished":"2025-07-28","dateModified":"2025-07-28","mainEntityOfPage":"https:\/\/www.bretong.cz\/kdyz-chcete-vic-nez-jen-obycejnost\/","author":{"@type":"Person","@id":"https:\/\/www.bretong.cz\/author\/#Person","name":"","url":"https:\/\/www.bretong.cz\/author\/","identifier":1,"image":{"@type":"ImageObject","@id":"https:\/\/secure.gravatar.com\/avatar\/01173f1da90dde8adb887d6793fa4e42c4004e53f8d645d9b1cb57c2dee8e188?s=96&d=mm&r=g","url":"https:\/\/secure.gravatar.com\/avatar\/01173f1da90dde8adb887d6793fa4e42c4004e53f8d645d9b1cb57c2dee8e188?s=96&d=mm&r=g","height":96,"width":96}},"publisher":{"@type":"Organization","name":"bretong.cz","logo":{"@type":"ImageObject","@id":"\/logo.png","url":"\/logo.png","width":600,"height":60}},"image":null,"wordCount":195,"keywords":null}]},{"@context":"https:\/\/schema.org","@type":"WebSite","@id":"https:\/\/www.bretong.cz\/#website","name":"Bretong","url":"https:\/\/www.bretong.cz","potentialAction":{"@type":"SearchAction","target":"https:\/\/www.bretong.cz\/?s={search_term_string}","query-input":"required name=search_term_string"}}]