	[{"@context":"https:\/\/schema.org\/","@type":"Article","@id":"https:\/\/www.bretong.cz\/bydleni-v-mobilnim-dome\/#Article","mainEntityOfPage":"https:\/\/www.bretong.cz\/bydleni-v-mobilnim-dome\/","headline":"Bydlen\u00ed v mobiln\u00edm dom\u011b","name":"Bydlen\u00ed v mobiln\u00edm dom\u011b","description":"Nejprve je pot\u0159eba si \u0159\u00edci, co od takov\u00e9ho bydlen\u00ed o\u010dek\u00e1v\u00e1te. Bude to bydlen\u00ed va\u0161ich sn\u016f? Chcete \u017e\u00edt ve sv\u00e9m vlastn\u00edm obydl\u00ed na pozemku n\u011bkde na kraji m\u011bsta nebo na vesnici? Pr\u00e1v\u011b tento typ bydlen\u00ed si m\u016f\u017eete p\u0159izp\u016fsobit podle sv\u00e9ho vlastn\u00edho vkusu a podle sv\u00fdch p\u0159edstav. Jenom\u017ee v\u0161echno m\u00e1 sv\u00e9 hranice. Obydl\u00ed nejsou moc velk\u00e1, co\u017e...","datePublished":"2018-12-22","dateModified":"2023-05-03","author":{"@type":"Person","@id":"https:\/\/www.bretong.cz\/author\/#Person","name":"","url":"https:\/\/www.bretong.cz\/author\/","identifier":1,"image":{"@type":"ImageObject","@id":"https:\/\/secure.gravatar.com\/avatar\/01173f1da90dde8adb887d6793fa4e42c4004e53f8d645d9b1cb57c2dee8e188?s=96&d=mm&r=g","url":"https:\/\/secure.gravatar.com\/avatar\/01173f1da90dde8adb887d6793fa4e42c4004e53f8d645d9b1cb57c2dee8e188?s=96&d=mm&r=g","height":96,"width":96}},"publisher":{"@type":"Organization","name":"bretong.cz","logo":{"@type":"ImageObject","@id":"\/logo.png","url":"\/logo.png","width":600,"height":60}},"image":{"@type":"ImageObject","@id":"https:\/\/www.bretong.cz\/wp-content\/uploads\/img_a333535_w1720_t1547019154.jpg","url":"https:\/\/www.bretong.cz\/wp-content\/uploads\/img_a333535_w1720_t1547019154.jpg","height":0,"width":0},"url":"https:\/\/www.bretong.cz\/bydleni-v-mobilnim-dome\/","about":["D\u016fm a byt"],"wordCount":454,"articleBody":"       Nejprve je pot\u0159eba si \u0159\u00edci, co od takov\u00e9ho bydlen\u00ed o\u010dek\u00e1v\u00e1te. Bude to bydlen\u00ed va\u0161ich sn\u016f? Chcete \u017e\u00edt ve sv\u00e9m vlastn\u00edm obydl\u00ed na pozemku n\u011bkde na kraji m\u011bsta nebo na vesnici? Pr\u00e1v\u011b tento typ bydlen\u00ed si m\u016f\u017eete p\u0159izp\u016fsobit podle sv\u00e9ho vlastn\u00edho vkusu a podle sv\u00fdch p\u0159edstav. Jenom\u017ee v\u0161echno m\u00e1 sv\u00e9 hranice. Obydl\u00ed nejsou moc velk\u00e1, co\u017e n\u011bkomu m\u016f\u017ee p\u0159ipadat sympatick\u00e9, proto\u017ee tam nen\u00ed tolik m\u00edsta a v\u011bc\u00ed k \u00faklidu, co\u017e ocen\u00ed pr\u00e1v\u011b \u017eeny, ale n\u011bkte\u0159\u00ed z n\u00e1s si p\u0159ej\u00ed velk\u00e9 pal\u00e1ce, tak\u017ee je pot\u0159eba tuto variantu po\u0159\u00e1dn\u011b zv\u00e1\u017eit. Interi\u00e9r je v\u0161ak nov\u00fd a kr\u00e1sn\u00fd a vypad\u00e1 opravdu luxusn\u011b. D\u00edky tomu p\u016fsob\u00ed cel\u00fd objekt \u00fatuln\u011b a p\u0159\u00edjemn\u011b.Mobilheim Praha v\u00e1m zajist\u00ed domek nov\u00fd a kr\u00e1sn\u00fd a vyroben\u00fd na zak\u00e1zku. M\u016f\u017eete si pomoc\u00ed konfigur\u00e1toru navrhnout, jak by m\u011bl vypadat. Vyb\u00edrat si v\u0161ak m\u016f\u017eete i ze skladov\u00fdch z\u00e1sob, \u010dili budete m\u00edt obydl\u00ed ihned p\u0159ipraven\u00e9 k odb\u011bru a k zabydlen\u00ed. Podle vlastn\u00edch p\u0159edstav Obydl\u00ed si m\u016f\u017eete p\u0159izp\u016fsobit podle sv\u00fdch vlastn\u00edch p\u0159edstav. Najdete zde v\u0161ak v\u0161e, co budete pot\u0159ebovat. Klasicky se uvnit\u0159 nach\u00e1z\u00ed kuchyn\u011b v\u011bt\u0161inou spojen\u00e1 s ob\u00fdvac\u00edm pokojem, lo\u017enice, m\u016f\u017ee zde b\u00fdt i pokoj nav\u00edc a samoz\u0159ejmost\u00ed je koupelna s wc, se sprchov\u00fdm koutem a umyvadlem. Velkou v\u00fdhodou je, \u017ee takto m\u016f\u017eete bydlet vlastn\u011b kdekoliv, kde si budete p\u0159\u00e1t. Volnost, svoboda bydlen\u00ed i pohybu, u\u017e\u00edvejte si p\u0159\u00edrodu kolem v\u00e1s, nebo si nechejte postavit objekt na pozemek do m\u011bsta. V\u0161e je mo\u017en\u00e9, zajist\u00edme profesion\u00e1ln\u00ed p\u0159epravu a\u017e na m\u00edsto ur\u010den\u00ed. Tedy na parcelu, kterou si vyberete. Nemus\u00edte zaji\u0161\u0165ovat p\u0159epravu ani ostatn\u00ed pr\u00e1ce. Profesion\u00e1ln\u00ed p\u0159epravu zajist\u00edme a nav\u00edc objekt na parcele p\u0159esn\u011b usad\u00edme. Tak\u017ee bude st\u00e1t tam, kde jej budete cht\u00edt m\u00edt. Dal\u0161\u00ed v\u00fdhodou je, \u017ee objekt m\u016f\u017eete nechat p\u0159em\u00edstit. Od toho se tyto objekty naz\u00fdvaj\u00ed mobiln\u00ed, proto\u017ee s nimi m\u016f\u017eete d\u00e1le manipulovat, tak\u017ee kdybyste se pot\u0159ebovali nap\u0159\u00edklad p\u0159est\u011bhovat a cht\u011bli si vz\u00edt sv\u016fj d\u016fm s sebou, tak ur\u010dit\u011b m\u016f\u017eete. V tom nen\u00ed \u017e\u00e1dn\u00fd probl\u00e9m, op\u011bt pro v\u00e1s zajist\u00edme odbornou p\u0159epravu. Na nadrozm\u011brn\u00e9 p\u0159epravy jsme dob\u0159e p\u0159ipraven\u00ed.                                                                                                                                                                                                                                                                                                                                                                                          4.5\/5 - (2 votes)        "},{"@context":"https:\/\/schema.org\/","@type":"BreadcrumbList","itemListElement":[{"@type":"ListItem","position":1,"name":"Bydlen\u00ed v mobiln\u00edm dom\u011b","item":"https:\/\/www.bretong.cz\/bydleni-v-mobilnim-dome\/#breadcrumbitem"}]}]