	[{"@context":"https:\/\/schema.org\/","@type":"Article","@id":"https:\/\/www.bretong.cz\/cesti-medailiste-z-pchjongcchangu\/#Article","mainEntityOfPage":"https:\/\/www.bretong.cz\/cesti-medailiste-z-pchjongcchangu\/","headline":"\u010ce\u0161t\u00ed medailist\u00e9 z Pchjong\u010dchangu","name":"\u010ce\u0161t\u00ed medailist\u00e9 z Pchjong\u010dchangu","description":"Ester Ledeck\u00e1 Dcera zn\u00e1m\u00e9ho \u010desk\u00e9ho zp\u011bv\u00e1ka ohromila cel\u00fd sv\u011bt, kdy\u017e ve sv\u00fdch 22 letech z\u00edskala dv\u011b zlat\u00e9 olympijsk\u00e9 medaile ne jedn\u011bch hr\u00e1ch ve dvou zcela odli\u0161n\u00fdch discipl\u00edn\u00e1ch! Jej\u00ed v\u00edt\u011bzstv\u00ed v\u00a0z\u00e1vodu Super G na ly\u017e\u00edch se stalo pravd\u011bpodobn\u011b v\u016fbec nejv\u011bt\u0161\u00ed sportovn\u00ed senzac\u00ed minim\u00e1ln\u011b t\u011bchto her. Dosavadn\u00ed vedouc\u00ed z\u00e1vodnici porazila o jednu setiny sekundy! O t\u00fdden pozd\u011bji...","datePublished":"2025-03-07","dateModified":"2023-05-03","author":{"@type":"Person","@id":"https:\/\/www.bretong.cz\/author\/#Person","name":"","url":"https:\/\/www.bretong.cz\/author\/","identifier":1,"image":{"@type":"ImageObject","@id":"https:\/\/secure.gravatar.com\/avatar\/01173f1da90dde8adb887d6793fa4e42c4004e53f8d645d9b1cb57c2dee8e188?s=96&d=mm&r=g","url":"https:\/\/secure.gravatar.com\/avatar\/01173f1da90dde8adb887d6793fa4e42c4004e53f8d645d9b1cb57c2dee8e188?s=96&d=mm&r=g","height":96,"width":96}},"publisher":{"@type":"Organization","name":"bretong.cz","logo":{"@type":"ImageObject","@id":"\/logo.png","url":"\/logo.png","width":600,"height":60}},"image":{"@type":"ImageObject","@id":"https:\/\/www.bretong.cz\/wp-content\/uploads\/img_a310994_w1896_t1521966266.jpg","url":"https:\/\/www.bretong.cz\/wp-content\/uploads\/img_a310994_w1896_t1521966266.jpg","height":0,"width":0},"url":"https:\/\/www.bretong.cz\/cesti-medailiste-z-pchjongcchangu\/","wordCount":485,"articleBody":"Ester Ledeck\u00e1Dcera zn\u00e1m\u00e9ho \u010desk\u00e9ho zp\u011bv\u00e1ka ohromila cel\u00fd sv\u011bt, kdy\u017e ve sv\u00fdch 22 letech z\u00edskala dv\u011b zlat\u00e9 olympijsk\u00e9 medaile ne jedn\u011bch hr\u00e1ch ve dvou zcela odli\u0161n\u00fdch discipl\u00edn\u00e1ch! Jej\u00ed v\u00edt\u011bzstv\u00ed v\u00a0z\u00e1vodu Super G na ly\u017e\u00edch se stalo pravd\u011bpodobn\u011b v\u016fbec nejv\u011bt\u0161\u00ed sportovn\u00ed senzac\u00ed minim\u00e1ln\u011b t\u011bchto her. Dosavadn\u00ed vedouc\u00ed z\u00e1vodnici porazila o jednu setiny sekundy! O t\u00fdden pozd\u011bji p\u0159i\u0161el triumf sice v\u00edce o\u010dek\u00e1v\u00e1n\u00fd, co\u017e ale v\u00a0\u017e\u00e1dn\u00e9m p\u0159\u00edpad\u011b nesni\u017euje jeho cenu. Ester Ledeck\u00e1 ovl\u00e1dla paraleln\u00ed slalom ve snowboardingu.Michal Kr\u010dm\u00e1\u0159Rod\u00e1k z\u00a0Vrchlab\u00ed, kter\u00fd si ji\u017e od d\u011btstv\u00ed \u0161el za sv\u00fdm c\u00edlem. Dokonce bydlel s\u00a0prarodi\u010di, aby mohl v\u011bnovat ve\u0161ker\u00fd voln\u00fd \u010das biatlonov\u00e9mu tr\u00e9ninku. Prvn\u00edch \u00fasp\u011bch\u016f dos\u00e1hl ji\u017e v\u00a0minul\u00e9 sezon\u011b ve sv\u011btov\u00e9m poh\u00e1ru. Leto\u0161n\u00ed sezona pro n\u011bj a\u017e do olympijsk\u00fdch her nebyla nikterak v\u00fdjime\u010dn\u00e1, ale ziskem st\u0159\u00edbra ze sprintu v\u0161e dokonale vylep\u0161il. Jeho radost a dojet\u00ed ze zisku medaile pat\u0159ila k\u00a0jedn\u011bm z\u00a0nejhez\u010d\u00edch okam\u017eik\u016f her.Martina S\u00e1bl\u00edkov\u00e1Skute\u010dn\u00e1 nejen rychlobrusla\u0159sk\u00e1 hv\u011bzda d\u011bl\u00e1 \u010desk\u00fdm fanou\u0161k\u016fm radost ji\u017e \u0159adu let a nesmazateln\u011b se zapsala do historick\u00fdch sportovn\u00edch tabulek. V\u00a0leto\u0161n\u00ed sezon\u011b ji tr\u00e1pily zdravotn\u00ed komplikace. Martina S\u00e1bl\u00edkov\u00e1 bojovala nejen s\u00a0bolav\u00fdmi z\u00e1dy. Z\u00e1vodnice odch\u00e1zela ze sv\u00e9ho prvn\u00edho z\u00e1vodu na 3\u00a0000 metr\u016f velmi zklaman\u00e1, nebo\u0165 obsadila ne\u0161\u0165astn\u00e9 \u010dtvrt\u00e9 m\u00edsto. V\u0161e si vynahradila na sv\u00e9 nejobl\u00edben\u011bj\u0161\u00ed p\u011bti kilometrov\u00e9 trati. Poda\u0159ilo se j\u00ed vybojovat st\u0159\u00edbrnou medaili.Eva Samkov\u00e1V\u00edt\u011bzka z\u00a0minul\u00fdch her z\u00e1vod\u00edc\u00ed ve snowboardcrossu se op\u011bt postavila start olympijsk\u00e9ho z\u00e1vodu. Kr\u00e1lovna b\u00edl\u00e9 stopy z\u00a0roku 2014 i tentokr\u00e1t sv\u00e9 fanou\u0161ky nezklamala a z\u00a0Pchjong\u010dchangu si odvezla bronzovou medaili.Karol\u00edna Erbanov\u00e1Na rychlobrusla\u0159sk\u00e9m ov\u00e1le usp\u011bla krom\u011b S\u00e1bl\u00edkov\u00e9 tak\u00e9 Karol\u00edna Erbanov\u00e1. Tato sprinterka na brusl\u00edch ode\u0161la tr\u00e9novat do Nizozemska, Mekky rychlobruslen\u00ed, a tento odchod ji p\u0159inesl k\u00fd\u017een\u00fd \u00fasp\u011bch. Na olympi\u00e1d\u011b toti\u017e dok\u00e1zala vybojovat na trati 500 metr\u016f bronzovou medaili.Veronika V\u00edtkov\u00e1Dlouholet\u00e1 opora \u010desk\u00e9ho biatlonov\u00e9ho t\u00fdmu se b\u011bhem sv\u00e9 kari\u00e9ry musela poprat s\u00a0nejednou obt\u00ed\u017e\u00ed. Krom\u011b v\u00edt\u011bzstv\u00ed ze sv\u011btov\u00e9ho poh\u00e1ru, m\u011bla do t\u011bchto olympijsk\u00fdch her doma n\u011bkolik medail\u00ed z\u00a0mistrovstv\u00ed sv\u011bta a st\u0159\u00edbrnou medaili ze sm\u00ed\u0161en\u00e9 \u0161tafety z\u00a0her v\u00a0So\u010di. Nyn\u00ed se j\u00ed poda\u0159ilo dos\u00e1hnout na velk\u00fd individu\u00e1ln\u00ed \u00fasp\u011bch, kdy\u017e z\u00edskala bronzovou medaili ze sprintu.                                                                                                                                                                                                                                                                                                                                                                                        3.5\/5 - (2 votes)        "},{"@context":"https:\/\/schema.org\/","@type":"BreadcrumbList","itemListElement":[{"@type":"ListItem","position":1,"name":"\u010ce\u0161t\u00ed medailist\u00e9 z Pchjong\u010dchangu","item":"https:\/\/www.bretong.cz\/cesti-medailiste-z-pchjongcchangu\/#breadcrumbitem"}]}]