	[{"@context":"https:\/\/schema.org\/","@type":"Article","@id":"https:\/\/www.bretong.cz\/co-vime-o-tocitych-schodech\/#Article","mainEntityOfPage":"https:\/\/www.bretong.cz\/co-vime-o-tocitych-schodech\/","headline":"Co v\u00edme o to\u010dit\u00fdch schodech","name":"Co v\u00edme o to\u010dit\u00fdch schodech","description":"Zn\u00e1te tu p\u00edsni\u010dku nahranou Banjo Bandem Ivana Ml\u00e1dka a nazp\u00edvanou Lu\u010fkem Sobotou, kter\u00e1 pojedn\u00e1v\u00e1 o Pet\u0159\u00ednsk\u00e9 rozhledn\u011b? V textu se vyskytuje i n\u00e1m\u011bt to\u010dit\u00fdch schod\u016f, kter\u00e9 jsou typick\u00e9 snad pro v\u0161echny rozhledny, a ta Pet\u0159\u00ednsk\u00e1 nen\u00ed v\u00fdjimkou. To\u010dit\u00e9 schody jsou zaj\u00edmav\u00fd vyn\u00e1lez, a jestli\u017ee se na takovou rozhlednu zad\u00edv\u00e1te z d\u00e1lky, zjist\u00edte, \u017ee to\u010dit\u00e9 schodi\u0161t\u011b...","datePublished":"2024-08-16","dateModified":"2024-08-16","author":{"@type":"Person","@id":"https:\/\/www.bretong.cz\/author\/#Person","name":"","url":"https:\/\/www.bretong.cz\/author\/","identifier":1,"image":{"@type":"ImageObject","@id":"https:\/\/secure.gravatar.com\/avatar\/01173f1da90dde8adb887d6793fa4e42c4004e53f8d645d9b1cb57c2dee8e188?s=96&d=mm&r=g","url":"https:\/\/secure.gravatar.com\/avatar\/01173f1da90dde8adb887d6793fa4e42c4004e53f8d645d9b1cb57c2dee8e188?s=96&d=mm&r=g","height":96,"width":96}},"publisher":{"@type":"Organization","name":"bretong.cz","logo":{"@type":"ImageObject","@id":"\/logo.png","url":"\/logo.png","width":600,"height":60}},"image":{"@type":"ImageObject","@id":"https:\/\/www.bretong.cz\/wp-content\/uploads\/gaiazoo-7844381_640.jpg","url":"https:\/\/www.bretong.cz\/wp-content\/uploads\/gaiazoo-7844381_640.jpg","height":0,"width":0},"url":"https:\/\/www.bretong.cz\/co-vime-o-tocitych-schodech\/","about":["Podnik\u00e1n\u00ed"],"wordCount":411,"articleBody":"   Zn\u00e1te tu p\u00edsni\u010dku nahranou Banjo Bandem Ivana Ml\u00e1dka a nazp\u00edvanou Lu\u010fkem Sobotou, kter\u00e1 pojedn\u00e1v\u00e1 o Pet\u0159\u00ednsk\u00e9 rozhledn\u011b? V textu se vyskytuje i n\u00e1m\u011bt to\u010dit\u00fdch schod\u016f, kter\u00e9 jsou typick\u00e9 snad pro v\u0161echny rozhledny, a ta Pet\u0159\u00ednsk\u00e1 nen\u00ed v\u00fdjimkou. To\u010dit\u00e9 schody jsou zaj\u00edmav\u00fd vyn\u00e1lez, a jestli\u017ee se na takovou rozhlednu zad\u00edv\u00e1te z d\u00e1lky, zjist\u00edte, \u017ee to\u010dit\u00e9 schodi\u0161t\u011b vlastn\u011b nepot\u0159ebuje mnoho prostoru pro sv\u00e9 um\u00edst\u011bn\u00ed, vysta\u010d\u00edte tu s docela \u00fazk\u00fdm tubusem. A pr\u00e1v\u011b t\u00e9to vlastnosti se vyu\u017e\u00edv\u00e1 p\u0159i v\u00fdstavb\u011b \u010di rekonstrukci schodi\u0161\u0165 i v rodinn\u00fdch domech.Jestli\u017ee si nech\u00e1te vystav\u011bt to\u010dit\u00e9 schody, pak z\u00edsk\u00e1te n\u011bkter\u00e9 zaj\u00edmav\u00e9 v\u00fdhody:\u00dazk\u00fd tubus \u2013 o n\u011bm jsme se ji\u017e zm\u00ednili, a tak jen p\u0159ipomene, \u017ee schody m\u016f\u017eete m\u00edt kdekoli v obytn\u00e9m prostoru a nepot\u0159ebujete k tomu \u017e\u00e1dn\u00e9 dal\u0161\u00ed stavebn\u00ed prvky. To\u010dit\u00e9 schody jsou v podstat\u011b samonosnou konstrukc\u00ed a m\u016f\u017eete j\u00ed um\u00edstit o doprost\u0159ed m\u00edstnosti, co\u017e b\u00fdv\u00e1 nejen na rozhledn\u00e1ch, ale i na mnoha jin\u00fdch stavb\u00e1ch. Takov\u00e9to \u0159e\u0161en\u00ed je pom\u011brn\u011b atraktivn\u00ed a l\u00e1kav\u00e9 zejm\u00e9na pro d\u011bti i pro va\u0161i n\u00e1v\u0161t\u011bvu, kter\u00e1 se jist\u011b bude po takov\u00e9m schodi\u0161ti j\u00edt prob\u011bhnout.Nezab\u00edraj\u00ed m\u00edsto \u2013 ostatn\u00ed typy schodi\u0161\u0165 zab\u00edraj\u00ed v obytn\u00e9m prostoru spoustu m\u00edsta, nap\u0159\u00edklad lomen\u00e9 schodi\u0161t\u011b v\u00e1m ukroj\u00ed i n\u011bkolik \u010dtvere\u010dn\u00edch metr\u016f z obytn\u00e9ho p\u016fdorysu, ov\u0161em schody to\u010dit\u00e9 nezaberou t\u00e9m\u011b\u0159 nic. Hod\u00ed se i do prostor vysloven\u011b mal\u00fdch, kde mus\u00edte \u0161et\u0159it ka\u017ed\u00fd \u010dtvere\u010dn\u00ed metr.Nev\u00fdhoda to\u010dit\u00e9ho schodi\u0161t\u011b \u2013 m\u011bli bychom se tu tak\u00e9 zm\u00ednit snad o jedin\u00e9 nev\u00fdhod\u011b tohoto \u0159e\u0161en\u00ed, a sice o st\u011bhov\u00e1n\u00ed velk\u00fdch b\u0159emen. Skrze to\u010dit\u00e9 schody bude velmi obt\u00ed\u017en\u00e9, \u010di dokonce nemo\u017en\u00e9, p\u0159est\u011bhovat staro\u017eitn\u00fd n\u00e1bytek, velk\u00e9 chladni\u010dky, mrazic\u00ed boxy, klav\u00edry a podobn\u00e9 velk\u00e9 p\u0159edm\u011bty. Mus\u00edte s t\u00edm po\u010d\u00edtat v\u010das a st\u011bhov\u00e1n\u00ed za\u0159\u00eddit jinak, nap\u0159\u00edklad oknem \u010di balkonem, anebo do horn\u00edch prostor tak velk\u00e9 p\u0159edm\u011bty v\u016fbec neum\u00eds\u0165ovat.                                                                                                                                                                                                                                                                                                                                                                                          5\/5 - (1 vote)        "},{"@context":"https:\/\/schema.org\/","@type":"BreadcrumbList","itemListElement":[{"@type":"ListItem","position":1,"name":"Co v\u00edme o to\u010dit\u00fdch schodech","item":"https:\/\/www.bretong.cz\/co-vime-o-tocitych-schodech\/#breadcrumbitem"}]}]