	[{"@context":"https:\/\/schema.org\/","@type":"Article","@id":"https:\/\/www.bretong.cz\/dovolena-pro-starsi-generaci\/#Article","mainEntityOfPage":"https:\/\/www.bretong.cz\/dovolena-pro-starsi-generaci\/","headline":"Dovolen\u00e1 pro star\u0161\u00ed generaci","name":"Dovolen\u00e1 pro star\u0161\u00ed generaci","description":"Kde jsou ty \u010dasy, kdy star\u0161\u00ed lid\u00e9 tr\u00e1vili sv\u016fj voln\u00fd \u010das doma sledov\u00e1n\u00edm televize, \u010dten\u00edm knih a tak podobn\u011b? V dne\u0161n\u00ed dob\u011b maj\u00ed senio\u0159i jin\u00e9 z\u00e1jmy a priority, cht\u011bli by si co nejv\u00edce u\u017e\u00edt cestov\u00e1n\u00ed a pozn\u00e1van\u00ed nov\u00fdch m\u00edst. Je to ale samoz\u0159ejm\u011b spr\u00e1vn\u00e9, proto\u017ee je to skv\u011bl\u00e1 mo\u017enost jak zlep\u0161it sv\u00e9 zdrav\u00ed. Komu by...","datePublished":"2025-08-30","dateModified":"2025-08-30","author":{"@type":"Person","@id":"https:\/\/www.bretong.cz\/author\/#Person","name":"","url":"https:\/\/www.bretong.cz\/author\/","identifier":1,"image":{"@type":"ImageObject","@id":"https:\/\/secure.gravatar.com\/avatar\/01173f1da90dde8adb887d6793fa4e42c4004e53f8d645d9b1cb57c2dee8e188?s=96&d=mm&r=g","url":"https:\/\/secure.gravatar.com\/avatar\/01173f1da90dde8adb887d6793fa4e42c4004e53f8d645d9b1cb57c2dee8e188?s=96&d=mm&r=g","height":96,"width":96}},"publisher":{"@type":"Organization","name":"bretong.cz","logo":{"@type":"ImageObject","@id":"\/logo.png","url":"\/logo.png","width":600,"height":60}},"url":"https:\/\/www.bretong.cz\/dovolena-pro-starsi-generaci\/","wordCount":248,"articleBody":"Kde jsou ty \u010dasy, kdy star\u0161\u00ed lid\u00e9 tr\u00e1vili sv\u016fj voln\u00fd \u010das doma sledov\u00e1n\u00edm televize, \u010dten\u00edm knih a tak podobn\u011b? V dne\u0161n\u00ed dob\u011b maj\u00ed senio\u0159i jin\u00e9 z\u00e1jmy a priority, cht\u011bli by si co nejv\u00edce u\u017e\u00edt cestov\u00e1n\u00ed a pozn\u00e1van\u00ed nov\u00fdch m\u00edst. Je to ale samoz\u0159ejm\u011b spr\u00e1vn\u00e9, proto\u017ee je to skv\u011bl\u00e1 mo\u017enost jak zlep\u0161it sv\u00e9 zdrav\u00ed. Komu by u\u0161kodilo p\u0159\u00edjemn\u00e9 mo\u0159sk\u00e9 klima, \u010dist\u00fd horsk\u00fd vzduch anebo t\u0159eba p\u0159\u00edjemn\u00fd odpo\u010dinek v l\u00e1zn\u00edch? Opus\u0165te tedy pohodl\u00ed sv\u00e9ho domova a vyrazte i p\u0159es vy\u0161\u0161\u00ed v\u011bk pozn\u00e1vat zaj\u00edmav\u00e1 m\u00edsta cel\u00e9 \u010cesk\u00e9 republiky, dokonce i zahrani\u010d\u00ed. M\u016f\u017eete si b\u00fdt jist\u00ed, \u017ee pr\u00e1v\u011b toto je n\u011bco, co v\u00e1s vytrhne ze stereotypu, kter\u00fd mo\u017en\u00e1 za\u017e\u00edv\u00e1te, pokud tr\u00e1v\u00edte spoustu \u010dasu doma. Dokonal\u00fd tip na d\u00e1rek Pobyty pro seniory mohou b\u00fdt takt\u00e9\u017e opravdu skv\u011bl\u00fdm tipem na d\u00e1rek. M\u016f\u017eete to v\u011bnovat t\u0159eba sv\u00fdm rodi\u010d\u016fm, anebo dokonce prarodi\u010d\u016fm. Uvid\u00edte, \u017ee budou rozhodn\u011b nad\u0161eni, proto\u017ee je to velmi zaj\u00edmav\u00fd a p\u0159edev\u0161\u00edm origin\u00e1ln\u00ed d\u00e1rek. Dop\u0159ejte jim tak\u00e9 tro\u0161ku z\u00e1bavy a u\u017e\u00edv\u00e1n\u00ed si, uvid\u00edte, \u017ee budou naprosto spokojen\u00ed a \u017ee je n\u011bjak\u00fd dob\u0159e zvolen\u00fd z\u00e1jezd dok\u00e1\u017ee skute\u010dn\u011b pot\u011b\u0161it.                                                                                                                                                                                                                                                                                                                                                                                                "},{"@context":"https:\/\/schema.org\/","@type":"BreadcrumbList","itemListElement":[{"@type":"ListItem","position":1,"name":"Dovolen\u00e1 pro star\u0161\u00ed generaci","item":"https:\/\/www.bretong.cz\/dovolena-pro-starsi-generaci\/#breadcrumbitem"}]}]