	[{"@context":"https:\/\/schema.org\/","@type":"Blog","@id":"https:\/\/www.bretong.cz#Blog","headline":"Bretong","description":"\nMnoho velk\u00fdch my\u0161lenek jist\u011b nen\u00e1vratn\u011b zmizelo v pr\u016fb\u011bhu d\u011bjin v prachu zapomn\u011bn\u00ed. A proto jsme si dali za \u00fakol na na\u0161em webu moudrost uchov\u00e1vat.","url":"https:\/\/www.bretong.cz","hasPart":[{"@type":"Article","@id":"https:\/\/www.bretong.cz\/milenecka-seznamka-bez-zavazku-proc-je-tak-oblibena-a-jak-ji-vyuzit\/","headline":"Mileneck\u00e1 seznamka bez z\u00e1vazk\u016f: Pro\u010d je tak obl\u00edben\u00e1 a jak ji vyu\u017e\u00edt?","url":"https:\/\/www.bretong.cz\/milenecka-seznamka-bez-zavazku-proc-je-tak-oblibena-a-jak-ji-vyuzit\/","datePublished":"2024-12-10","dateModified":"2024-12-10","mainEntityOfPage":"https:\/\/www.bretong.cz\/milenecka-seznamka-bez-zavazku-proc-je-tak-oblibena-a-jak-ji-vyuzit\/","author":{"@type":"Person","@id":"https:\/\/www.bretong.cz\/author\/#Person","name":"","url":"https:\/\/www.bretong.cz\/author\/","identifier":1,"image":{"@type":"ImageObject","@id":"https:\/\/secure.gravatar.com\/avatar\/01173f1da90dde8adb887d6793fa4e42c4004e53f8d645d9b1cb57c2dee8e188?s=96&d=mm&r=g","url":"https:\/\/secure.gravatar.com\/avatar\/01173f1da90dde8adb887d6793fa4e42c4004e53f8d645d9b1cb57c2dee8e188?s=96&d=mm&r=g","height":96,"width":96}},"publisher":{"@type":"Organization","name":"bretong.cz","logo":{"@type":"ImageObject","@id":"\/logo.png","url":"\/logo.png","width":600,"height":60}},"image":null,"wordCount":693,"keywords":null},{"@type":"Article","@id":"https:\/\/www.bretong.cz\/vychutnejte-si-mrazenou-pravou-exotickou-vanilku-i-kakaove-boby\/","headline":"Vychutnejte si mra\u017eenou pravou exotickou vanilku i kakaov\u00e9 boby","url":"https:\/\/www.bretong.cz\/vychutnejte-si-mrazenou-pravou-exotickou-vanilku-i-kakaove-boby\/","datePublished":"2024-12-03","dateModified":"2024-12-03","mainEntityOfPage":"https:\/\/www.bretong.cz\/vychutnejte-si-mrazenou-pravou-exotickou-vanilku-i-kakaove-boby\/","author":{"@type":"Person","@id":"https:\/\/www.bretong.cz\/author\/#Person","name":"","url":"https:\/\/www.bretong.cz\/author\/","identifier":1,"image":{"@type":"ImageObject","@id":"https:\/\/secure.gravatar.com\/avatar\/01173f1da90dde8adb887d6793fa4e42c4004e53f8d645d9b1cb57c2dee8e188?s=96&d=mm&r=g","url":"https:\/\/secure.gravatar.com\/avatar\/01173f1da90dde8adb887d6793fa4e42c4004e53f8d645d9b1cb57c2dee8e188?s=96&d=mm&r=g","height":96,"width":96}},"publisher":{"@type":"Organization","name":"bretong.cz","logo":{"@type":"ImageObject","@id":"\/logo.png","url":"\/logo.png","width":600,"height":60}},"image":null,"wordCount":253,"keywords":null},{"@type":"Article","@id":"https:\/\/www.bretong.cz\/jedinecna-sladkost\/","headline":"Jedine\u010dn\u00e1 sladkost","url":"https:\/\/www.bretong.cz\/jedinecna-sladkost\/","datePublished":"2024-11-25","dateModified":"2024-11-25","mainEntityOfPage":"https:\/\/www.bretong.cz\/jedinecna-sladkost\/","author":{"@type":"Person","@id":"https:\/\/www.bretong.cz\/author\/#Person","name":"","url":"https:\/\/www.bretong.cz\/author\/","identifier":1,"image":{"@type":"ImageObject","@id":"https:\/\/secure.gravatar.com\/avatar\/01173f1da90dde8adb887d6793fa4e42c4004e53f8d645d9b1cb57c2dee8e188?s=96&d=mm&r=g","url":"https:\/\/secure.gravatar.com\/avatar\/01173f1da90dde8adb887d6793fa4e42c4004e53f8d645d9b1cb57c2dee8e188?s=96&d=mm&r=g","height":96,"width":96}},"publisher":{"@type":"Organization","name":"bretong.cz","logo":{"@type":"ImageObject","@id":"\/logo.png","url":"\/logo.png","width":600,"height":60}},"image":null,"wordCount":230,"keywords":null},{"@type":"Article","@id":"https:\/\/www.bretong.cz\/proc-je-spolecnost-medilam-v-hledacku-pcr\/","headline":"Pro\u010d je spole\u010dnost Medilam v hled\u00e1\u010dku P\u010cR","url":"https:\/\/www.bretong.cz\/proc-je-spolecnost-medilam-v-hledacku-pcr\/","datePublished":"2024-11-18","dateModified":"2024-11-18","mainEntityOfPage":"https:\/\/www.bretong.cz\/proc-je-spolecnost-medilam-v-hledacku-pcr\/","author":{"@type":"Person","@id":"https:\/\/www.bretong.cz\/author\/#Person","name":"","url":"https:\/\/www.bretong.cz\/author\/","identifier":1,"image":{"@type":"ImageObject","@id":"https:\/\/secure.gravatar.com\/avatar\/01173f1da90dde8adb887d6793fa4e42c4004e53f8d645d9b1cb57c2dee8e188?s=96&d=mm&r=g","url":"https:\/\/secure.gravatar.com\/avatar\/01173f1da90dde8adb887d6793fa4e42c4004e53f8d645d9b1cb57c2dee8e188?s=96&d=mm&r=g","height":96,"width":96}},"publisher":{"@type":"Organization","name":"bretong.cz","logo":{"@type":"ImageObject","@id":"\/logo.png","url":"\/logo.png","width":600,"height":60}},"image":{"@type":"ImageObject","@id":"https:\/\/www.bretong.cz\/wp-content\/uploads\/podvod_D9BF4q.png","url":"https:\/\/www.bretong.cz\/wp-content\/uploads\/podvod_D9BF4q.png","height":0,"width":0},"wordCount":633,"keywords":null},{"@type":"Article","@id":"https:\/\/www.bretong.cz\/tricko-na-miru-vasich-predstav\/","headline":"Tri\u010dko na m\u00edru va\u0161ich p\u0159edstav","url":"https:\/\/www.bretong.cz\/tricko-na-miru-vasich-predstav\/","datePublished":"2024-11-18","dateModified":"2024-11-18","mainEntityOfPage":"https:\/\/www.bretong.cz\/tricko-na-miru-vasich-predstav\/","author":{"@type":"Person","@id":"https:\/\/www.bretong.cz\/author\/#Person","name":"","url":"https:\/\/www.bretong.cz\/author\/","identifier":1,"image":{"@type":"ImageObject","@id":"https:\/\/secure.gravatar.com\/avatar\/01173f1da90dde8adb887d6793fa4e42c4004e53f8d645d9b1cb57c2dee8e188?s=96&d=mm&r=g","url":"https:\/\/secure.gravatar.com\/avatar\/01173f1da90dde8adb887d6793fa4e42c4004e53f8d645d9b1cb57c2dee8e188?s=96&d=mm&r=g","height":96,"width":96}},"publisher":{"@type":"Organization","name":"bretong.cz","logo":{"@type":"ImageObject","@id":"\/logo.png","url":"\/logo.png","width":600,"height":60}},"image":null,"wordCount":222,"keywords":null},{"@type":"Article","@id":"https:\/\/www.bretong.cz\/nemusite-za-ne-platit-horentni-sumy\/","headline":"Nemus\u00edte za n\u011b platit horentn\u00ed sumy","url":"https:\/\/www.bretong.cz\/nemusite-za-ne-platit-horentni-sumy\/","datePublished":"2024-11-11","dateModified":"2024-11-11","mainEntityOfPage":"https:\/\/www.bretong.cz\/nemusite-za-ne-platit-horentni-sumy\/","author":{"@type":"Person","@id":"https:\/\/www.bretong.cz\/author\/#Person","name":"","url":"https:\/\/www.bretong.cz\/author\/","identifier":1,"image":{"@type":"ImageObject","@id":"https:\/\/secure.gravatar.com\/avatar\/01173f1da90dde8adb887d6793fa4e42c4004e53f8d645d9b1cb57c2dee8e188?s=96&d=mm&r=g","url":"https:\/\/secure.gravatar.com\/avatar\/01173f1da90dde8adb887d6793fa4e42c4004e53f8d645d9b1cb57c2dee8e188?s=96&d=mm&r=g","height":96,"width":96}},"publisher":{"@type":"Organization","name":"bretong.cz","logo":{"@type":"ImageObject","@id":"\/logo.png","url":"\/logo.png","width":600,"height":60}},"image":null,"wordCount":206,"keywords":null},{"@type":"Article","@id":"https:\/\/www.bretong.cz\/nejlepsi-portaly-pro-inzerci-prace-brno-kde-najdete-ty-nejnovejsi-nabidky\/","headline":"Nejlep\u0161\u00ed port\u00e1ly pro inzerci pr\u00e1ce Brno: Kde najdete ty nejnov\u011bj\u0161\u00ed nab\u00eddky?","url":"https:\/\/www.bretong.cz\/nejlepsi-portaly-pro-inzerci-prace-brno-kde-najdete-ty-nejnovejsi-nabidky\/","datePublished":"2024-11-09","dateModified":"2024-11-09","mainEntityOfPage":"https:\/\/www.bretong.cz\/nejlepsi-portaly-pro-inzerci-prace-brno-kde-najdete-ty-nejnovejsi-nabidky\/","author":{"@type":"Person","@id":"https:\/\/www.bretong.cz\/author\/#Person","name":"","url":"https:\/\/www.bretong.cz\/author\/","identifier":1,"image":{"@type":"ImageObject","@id":"https:\/\/secure.gravatar.com\/avatar\/01173f1da90dde8adb887d6793fa4e42c4004e53f8d645d9b1cb57c2dee8e188?s=96&d=mm&r=g","url":"https:\/\/secure.gravatar.com\/avatar\/01173f1da90dde8adb887d6793fa4e42c4004e53f8d645d9b1cb57c2dee8e188?s=96&d=mm&r=g","height":96,"width":96}},"publisher":{"@type":"Organization","name":"bretong.cz","logo":{"@type":"ImageObject","@id":"\/logo.png","url":"\/logo.png","width":600,"height":60}},"image":null,"wordCount":766,"keywords":null},{"@type":"Article","@id":"https:\/\/www.bretong.cz\/obleknete-se-do-nove-kolekce\/","headline":"Obl\u00e9kn\u011bte se do nov\u00e9 kolekce","url":"https:\/\/www.bretong.cz\/obleknete-se-do-nove-kolekce\/","datePublished":"2024-11-06","dateModified":"2024-11-06","mainEntityOfPage":"https:\/\/www.bretong.cz\/obleknete-se-do-nove-kolekce\/","author":{"@type":"Person","@id":"https:\/\/www.bretong.cz\/author\/#Person","name":"","url":"https:\/\/www.bretong.cz\/author\/","identifier":1,"image":{"@type":"ImageObject","@id":"https:\/\/secure.gravatar.com\/avatar\/01173f1da90dde8adb887d6793fa4e42c4004e53f8d645d9b1cb57c2dee8e188?s=96&d=mm&r=g","url":"https:\/\/secure.gravatar.com\/avatar\/01173f1da90dde8adb887d6793fa4e42c4004e53f8d645d9b1cb57c2dee8e188?s=96&d=mm&r=g","height":96,"width":96}},"publisher":{"@type":"Organization","name":"bretong.cz","logo":{"@type":"ImageObject","@id":"\/logo.png","url":"\/logo.png","width":600,"height":60}},"image":null,"wordCount":282,"keywords":null},{"@type":"Article","@id":"https:\/\/www.bretong.cz\/kvalitni-ostraha-objektu-se-vam-vyplati\/","headline":"Kvalitn\u00ed ostraha objekt\u016f se v\u00e1m vyplat\u00ed","url":"https:\/\/www.bretong.cz\/kvalitni-ostraha-objektu-se-vam-vyplati\/","datePublished":"2024-10-30","dateModified":"2024-10-30","mainEntityOfPage":"https:\/\/www.bretong.cz\/kvalitni-ostraha-objektu-se-vam-vyplati\/","author":{"@type":"Person","@id":"https:\/\/www.bretong.cz\/author\/#Person","name":"","url":"https:\/\/www.bretong.cz\/author\/","identifier":1,"image":{"@type":"ImageObject","@id":"https:\/\/secure.gravatar.com\/avatar\/01173f1da90dde8adb887d6793fa4e42c4004e53f8d645d9b1cb57c2dee8e188?s=96&d=mm&r=g","url":"https:\/\/secure.gravatar.com\/avatar\/01173f1da90dde8adb887d6793fa4e42c4004e53f8d645d9b1cb57c2dee8e188?s=96&d=mm&r=g","height":96,"width":96}},"publisher":{"@type":"Organization","name":"bretong.cz","logo":{"@type":"ImageObject","@id":"\/logo.png","url":"\/logo.png","width":600,"height":60}},"image":null,"wordCount":267,"keywords":null},{"@type":"Article","@id":"https:\/\/www.bretong.cz\/vyberte-si\/","headline":"Vyberte si!","url":"https:\/\/www.bretong.cz\/vyberte-si\/","datePublished":"2024-10-16","dateModified":"2024-10-16","mainEntityOfPage":"https:\/\/www.bretong.cz\/vyberte-si\/","author":{"@type":"Person","@id":"https:\/\/www.bretong.cz\/author\/#Person","name":"","url":"https:\/\/www.bretong.cz\/author\/","identifier":1,"image":{"@type":"ImageObject","@id":"https:\/\/secure.gravatar.com\/avatar\/01173f1da90dde8adb887d6793fa4e42c4004e53f8d645d9b1cb57c2dee8e188?s=96&d=mm&r=g","url":"https:\/\/secure.gravatar.com\/avatar\/01173f1da90dde8adb887d6793fa4e42c4004e53f8d645d9b1cb57c2dee8e188?s=96&d=mm&r=g","height":96,"width":96}},"publisher":{"@type":"Organization","name":"bretong.cz","logo":{"@type":"ImageObject","@id":"\/logo.png","url":"\/logo.png","width":600,"height":60}},"image":null,"wordCount":267,"keywords":null}]},{"@context":"https:\/\/schema.org","@type":"WebSite","@id":"https:\/\/www.bretong.cz\/#website","name":"Bretong","url":"https:\/\/www.bretong.cz","potentialAction":{"@type":"SearchAction","target":"https:\/\/www.bretong.cz\/?s={search_term_string}","query-input":"required name=search_term_string"}}]