	[{"@context":"https:\/\/schema.org\/","@type":"Blog","@id":"https:\/\/www.bretong.cz#Blog","headline":"Bretong","description":"\nMnoho velk\u00fdch my\u0161lenek jist\u011b nen\u00e1vratn\u011b zmizelo v pr\u016fb\u011bhu d\u011bjin v prachu zapomn\u011bn\u00ed. A proto jsme si dali za \u00fakol na na\u0161em webu moudrost uchov\u00e1vat.","url":"https:\/\/www.bretong.cz","hasPart":[{"@type":"Article","@id":"https:\/\/www.bretong.cz\/prislusenstvi-pro-apple-iphone-15\/","headline":"P\u0159\u00edslu\u0161enstv\u00ed pro Apple iPhone 15","url":"https:\/\/www.bretong.cz\/prislusenstvi-pro-apple-iphone-15\/","datePublished":"2023-12-17","dateModified":"2024-01-05","mainEntityOfPage":"https:\/\/www.bretong.cz\/prislusenstvi-pro-apple-iphone-15\/","author":{"@type":"Person","@id":"https:\/\/www.bretong.cz\/author\/#Person","name":"","url":"https:\/\/www.bretong.cz\/author\/","identifier":1,"image":{"@type":"ImageObject","@id":"https:\/\/secure.gravatar.com\/avatar\/01173f1da90dde8adb887d6793fa4e42c4004e53f8d645d9b1cb57c2dee8e188?s=96&d=mm&r=g","url":"https:\/\/secure.gravatar.com\/avatar\/01173f1da90dde8adb887d6793fa4e42c4004e53f8d645d9b1cb57c2dee8e188?s=96&d=mm&r=g","height":96,"width":96}},"publisher":{"@type":"Organization","name":"bretong.cz","logo":{"@type":"ImageObject","@id":"\/logo.png","url":"\/logo.png","width":600,"height":60}},"image":{"@type":"ImageObject","@id":"https:\/\/www.bretong.cz\/wp-content\/uploads\/tvrzene_sklo_Ox5cTo.jpg","url":"https:\/\/www.bretong.cz\/wp-content\/uploads\/tvrzene_sklo_Ox5cTo.jpg","height":0,"width":0},"wordCount":497,"keywords":null},{"@type":"Article","@id":"https:\/\/www.bretong.cz\/solarni-elektrarnu-muzete-mit-i-na-chalupe\/","headline":"Sol\u00e1rn\u00ed elektr\u00e1rnu m\u016f\u017eete m\u00edt i na chalup\u011b","url":"https:\/\/www.bretong.cz\/solarni-elektrarnu-muzete-mit-i-na-chalupe\/","datePublished":"2023-12-05","dateModified":"2023-12-05","mainEntityOfPage":"https:\/\/www.bretong.cz\/solarni-elektrarnu-muzete-mit-i-na-chalupe\/","author":{"@type":"Person","@id":"https:\/\/www.bretong.cz\/author\/#Person","name":"","url":"https:\/\/www.bretong.cz\/author\/","identifier":1,"image":{"@type":"ImageObject","@id":"https:\/\/secure.gravatar.com\/avatar\/01173f1da90dde8adb887d6793fa4e42c4004e53f8d645d9b1cb57c2dee8e188?s=96&d=mm&r=g","url":"https:\/\/secure.gravatar.com\/avatar\/01173f1da90dde8adb887d6793fa4e42c4004e53f8d645d9b1cb57c2dee8e188?s=96&d=mm&r=g","height":96,"width":96}},"publisher":{"@type":"Organization","name":"bretong.cz","logo":{"@type":"ImageObject","@id":"\/logo.png","url":"\/logo.png","width":600,"height":60}},"image":{"@type":"ImageObject","@id":"https:\/\/www.bretong.cz\/wp-content\/uploads\/solar-panels-6940440_640_1.jpg","url":"https:\/\/www.bretong.cz\/wp-content\/uploads\/solar-panels-6940440_640_1.jpg","height":0,"width":0},"wordCount":615,"keywords":null},{"@type":"Article","@id":"https:\/\/www.bretong.cz\/byty-praha-vychod-splnuji-soucasne-naroky-na-prijemne-a-klidne-bydleni\/","headline":"Byty Praha v\u00fdchod spl\u0148uj\u00ed sou\u010dasn\u00e9 n\u00e1roky na p\u0159\u00edjemn\u00e9 a klidn\u00e9 bydlen\u00ed","url":"https:\/\/www.bretong.cz\/byty-praha-vychod-splnuji-soucasne-naroky-na-prijemne-a-klidne-bydleni\/","datePublished":"2023-11-30","dateModified":"2023-11-30","mainEntityOfPage":"https:\/\/www.bretong.cz\/byty-praha-vychod-splnuji-soucasne-naroky-na-prijemne-a-klidne-bydleni\/","author":{"@type":"Person","@id":"https:\/\/www.bretong.cz\/author\/#Person","name":"","url":"https:\/\/www.bretong.cz\/author\/","identifier":1,"image":{"@type":"ImageObject","@id":"https:\/\/secure.gravatar.com\/avatar\/01173f1da90dde8adb887d6793fa4e42c4004e53f8d645d9b1cb57c2dee8e188?s=96&d=mm&r=g","url":"https:\/\/secure.gravatar.com\/avatar\/01173f1da90dde8adb887d6793fa4e42c4004e53f8d645d9b1cb57c2dee8e188?s=96&d=mm&r=g","height":96,"width":96}},"publisher":{"@type":"Organization","name":"bretong.cz","logo":{"@type":"ImageObject","@id":"\/logo.png","url":"\/logo.png","width":600,"height":60}},"image":null,"wordCount":281,"keywords":null},{"@type":"Article","@id":"https:\/\/www.bretong.cz\/pomocnici-do-vasi-domacnosti\/","headline":"Pomocn\u00edci do va\u0161\u00ed dom\u00e1cnosti","url":"https:\/\/www.bretong.cz\/pomocnici-do-vasi-domacnosti\/","datePublished":"2023-10-21","dateModified":"2023-10-21","mainEntityOfPage":"https:\/\/www.bretong.cz\/pomocnici-do-vasi-domacnosti\/","author":{"@type":"Person","@id":"https:\/\/www.bretong.cz\/author\/#Person","name":"","url":"https:\/\/www.bretong.cz\/author\/","identifier":1,"image":{"@type":"ImageObject","@id":"https:\/\/secure.gravatar.com\/avatar\/01173f1da90dde8adb887d6793fa4e42c4004e53f8d645d9b1cb57c2dee8e188?s=96&d=mm&r=g","url":"https:\/\/secure.gravatar.com\/avatar\/01173f1da90dde8adb887d6793fa4e42c4004e53f8d645d9b1cb57c2dee8e188?s=96&d=mm&r=g","height":96,"width":96}},"publisher":{"@type":"Organization","name":"bretong.cz","logo":{"@type":"ImageObject","@id":"\/logo.png","url":"\/logo.png","width":600,"height":60}},"image":null,"wordCount":270,"keywords":null},{"@type":"Article","@id":"https:\/\/www.bretong.cz\/ceni-se-nahled-ostatnich-lidi-selvintech-zkusenosti\/","headline":"Cen\u00ed se n\u00e1hled ostatn\u00edch lid\u00ed \u2013 Selvintech zku\u0161enosti","url":"https:\/\/www.bretong.cz\/ceni-se-nahled-ostatnich-lidi-selvintech-zkusenosti\/","datePublished":"2023-10-10","dateModified":"2023-10-10","mainEntityOfPage":"https:\/\/www.bretong.cz\/ceni-se-nahled-ostatnich-lidi-selvintech-zkusenosti\/","author":{"@type":"Person","@id":"https:\/\/www.bretong.cz\/author\/#Person","name":"","url":"https:\/\/www.bretong.cz\/author\/","identifier":1,"image":{"@type":"ImageObject","@id":"https:\/\/secure.gravatar.com\/avatar\/01173f1da90dde8adb887d6793fa4e42c4004e53f8d645d9b1cb57c2dee8e188?s=96&d=mm&r=g","url":"https:\/\/secure.gravatar.com\/avatar\/01173f1da90dde8adb887d6793fa4e42c4004e53f8d645d9b1cb57c2dee8e188?s=96&d=mm&r=g","height":96,"width":96}},"publisher":{"@type":"Organization","name":"bretong.cz","logo":{"@type":"ImageObject","@id":"\/logo.png","url":"\/logo.png","width":600,"height":60}},"image":null,"wordCount":501,"keywords":null},{"@type":"Article","@id":"https:\/\/www.bretong.cz\/saty-pro-kazdeho\/","headline":"\u0160aty pro ka\u017ed\u00e9ho","url":"https:\/\/www.bretong.cz\/saty-pro-kazdeho\/","datePublished":"2023-09-24","dateModified":"2023-09-24","mainEntityOfPage":"https:\/\/www.bretong.cz\/saty-pro-kazdeho\/","author":{"@type":"Person","@id":"https:\/\/www.bretong.cz\/author\/#Person","name":"","url":"https:\/\/www.bretong.cz\/author\/","identifier":1,"image":{"@type":"ImageObject","@id":"https:\/\/secure.gravatar.com\/avatar\/01173f1da90dde8adb887d6793fa4e42c4004e53f8d645d9b1cb57c2dee8e188?s=96&d=mm&r=g","url":"https:\/\/secure.gravatar.com\/avatar\/01173f1da90dde8adb887d6793fa4e42c4004e53f8d645d9b1cb57c2dee8e188?s=96&d=mm&r=g","height":96,"width":96}},"publisher":{"@type":"Organization","name":"bretong.cz","logo":{"@type":"ImageObject","@id":"\/logo.png","url":"\/logo.png","width":600,"height":60}},"image":{"@type":"ImageObject","@id":"https:\/\/www.bretong.cz\/wp-content\/uploads\/girl-711087_1280.jpg","url":"https:\/\/www.bretong.cz\/wp-content\/uploads\/girl-711087_1280.jpg","height":0,"width":0},"wordCount":526,"keywords":null},{"@type":"Article","@id":"https:\/\/www.bretong.cz\/spoustu-akci-diky-kterym-si-vase-bydleni-zaridite-za-pusu\/","headline":"Spoustu akc\u00ed, d\u00edky kter\u00fdm si va\u0161e bydlen\u00ed za\u0159\u00edd\u00edte za pusu","url":"https:\/\/www.bretong.cz\/spoustu-akci-diky-kterym-si-vase-bydleni-zaridite-za-pusu\/","datePublished":"2023-09-12","dateModified":"2023-09-12","mainEntityOfPage":"https:\/\/www.bretong.cz\/spoustu-akci-diky-kterym-si-vase-bydleni-zaridite-za-pusu\/","author":{"@type":"Person","@id":"https:\/\/www.bretong.cz\/author\/#Person","name":"","url":"https:\/\/www.bretong.cz\/author\/","identifier":1,"image":{"@type":"ImageObject","@id":"https:\/\/secure.gravatar.com\/avatar\/01173f1da90dde8adb887d6793fa4e42c4004e53f8d645d9b1cb57c2dee8e188?s=96&d=mm&r=g","url":"https:\/\/secure.gravatar.com\/avatar\/01173f1da90dde8adb887d6793fa4e42c4004e53f8d645d9b1cb57c2dee8e188?s=96&d=mm&r=g","height":96,"width":96}},"publisher":{"@type":"Organization","name":"bretong.cz","logo":{"@type":"ImageObject","@id":"\/logo.png","url":"\/logo.png","width":600,"height":60}},"image":null,"wordCount":288,"keywords":null},{"@type":"Article","@id":"https:\/\/www.bretong.cz\/vytvorte-krasny-stolovy-prostor-s-nasimi-kvalitnimi-ubrusy\/","headline":"Vytvo\u0159te Kr\u00e1sn\u00fd Stolov\u00fd Prostor s Na\u0161imi Kvalitn\u00edmi Ubrusy","url":"https:\/\/www.bretong.cz\/vytvorte-krasny-stolovy-prostor-s-nasimi-kvalitnimi-ubrusy\/","datePublished":"2023-08-21","dateModified":"2023-08-23","mainEntityOfPage":"https:\/\/www.bretong.cz\/vytvorte-krasny-stolovy-prostor-s-nasimi-kvalitnimi-ubrusy\/","author":{"@type":"Person","@id":"https:\/\/www.bretong.cz\/author\/#Person","name":"","url":"https:\/\/www.bretong.cz\/author\/","identifier":1,"image":{"@type":"ImageObject","@id":"https:\/\/secure.gravatar.com\/avatar\/01173f1da90dde8adb887d6793fa4e42c4004e53f8d645d9b1cb57c2dee8e188?s=96&d=mm&r=g","url":"https:\/\/secure.gravatar.com\/avatar\/01173f1da90dde8adb887d6793fa4e42c4004e53f8d645d9b1cb57c2dee8e188?s=96&d=mm&r=g","height":96,"width":96}},"publisher":{"@type":"Organization","name":"bretong.cz","logo":{"@type":"ImageObject","@id":"\/logo.png","url":"\/logo.png","width":600,"height":60}},"image":{"@type":"ImageObject","@id":"https:\/\/www.bretong.cz\/wp-content\/uploads\/ubrus_na_svatbu_v3u4eD.jpg","url":"https:\/\/www.bretong.cz\/wp-content\/uploads\/ubrus_na_svatbu_v3u4eD.jpg","height":0,"width":0},"wordCount":504,"keywords":null},{"@type":"Article","@id":"https:\/\/www.bretong.cz\/milujte-svuj-zivot-je-to-to-nejcennejsi-co-mate\/","headline":"Milujte sv\u016fj \u017eivot, je to to nejcenn\u011bj\u0161\u00ed, co m\u00e1te","url":"https:\/\/www.bretong.cz\/milujte-svuj-zivot-je-to-to-nejcennejsi-co-mate\/","datePublished":"2023-08-20","dateModified":"2023-11-02","mainEntityOfPage":"https:\/\/www.bretong.cz\/milujte-svuj-zivot-je-to-to-nejcennejsi-co-mate\/","author":{"@type":"Person","@id":"https:\/\/www.bretong.cz\/author\/#Person","name":"","url":"https:\/\/www.bretong.cz\/author\/","identifier":1,"image":{"@type":"ImageObject","@id":"https:\/\/secure.gravatar.com\/avatar\/01173f1da90dde8adb887d6793fa4e42c4004e53f8d645d9b1cb57c2dee8e188?s=96&d=mm&r=g","url":"https:\/\/secure.gravatar.com\/avatar\/01173f1da90dde8adb887d6793fa4e42c4004e53f8d645d9b1cb57c2dee8e188?s=96&d=mm&r=g","height":96,"width":96}},"publisher":{"@type":"Organization","name":"bretong.cz","logo":{"@type":"ImageObject","@id":"\/logo.png","url":"\/logo.png","width":600,"height":60}},"image":{"@type":"ImageObject","@id":"https:\/\/www.bretong.cz\/wp-content\/uploads\/fashion-1741373_640.jpg","url":"https:\/\/www.bretong.cz\/wp-content\/uploads\/fashion-1741373_640.jpg","height":0,"width":0},"wordCount":579,"keywords":null},{"@type":"Article","@id":"https:\/\/www.bretong.cz\/rada-nad-zlato\/","headline":"Rada nad zlato","url":"https:\/\/www.bretong.cz\/rada-nad-zlato\/","datePublished":"2023-08-07","dateModified":"2023-08-07","mainEntityOfPage":"https:\/\/www.bretong.cz\/rada-nad-zlato\/","author":{"@type":"Person","@id":"https:\/\/www.bretong.cz\/author\/#Person","name":"","url":"https:\/\/www.bretong.cz\/author\/","identifier":1,"image":{"@type":"ImageObject","@id":"https:\/\/secure.gravatar.com\/avatar\/01173f1da90dde8adb887d6793fa4e42c4004e53f8d645d9b1cb57c2dee8e188?s=96&d=mm&r=g","url":"https:\/\/secure.gravatar.com\/avatar\/01173f1da90dde8adb887d6793fa4e42c4004e53f8d645d9b1cb57c2dee8e188?s=96&d=mm&r=g","height":96,"width":96}},"publisher":{"@type":"Organization","name":"bretong.cz","logo":{"@type":"ImageObject","@id":"\/logo.png","url":"\/logo.png","width":600,"height":60}},"image":null,"wordCount":280,"keywords":null}]},{"@context":"https:\/\/schema.org","@type":"WebSite","@id":"https:\/\/www.bretong.cz\/#website","name":"Bretong","url":"https:\/\/www.bretong.cz","potentialAction":{"@type":"SearchAction","target":"https:\/\/www.bretong.cz\/?s={search_term_string}","query-input":"required name=search_term_string"}}]