	[{"@context":"https:\/\/schema.org\/","@type":"Article","@id":"https:\/\/www.bretong.cz\/proc-se-zvysuje-pocet-podnikatelek\/#Article","mainEntityOfPage":"https:\/\/www.bretong.cz\/proc-se-zvysuje-pocet-podnikatelek\/","headline":"Pro\u010d se zvy\u0161uje po\u010det podnikatelek?","name":"Pro\u010d se zvy\u0161uje po\u010det podnikatelek?","description":"V\u00a0d\u0159\u00edv\u011bj\u0161\u00ed dob\u011b \u017eeny v\u017edy zast\u00e1valy sp\u00ed\u0161e jednodu\u0161\u0161\u00ed pr\u00e1ce, a i kdy\u017e mohly st\u00e1t po boku mu\u017ee podnikatele jako jeho opora, do podnik\u00e1n\u00ed nijak v\u00fdrazn\u011bji nepronikaly. Doba si to ne\u017e\u00e1dala a pokusy \u017een o prora\u017een\u00ed do, v\u00a0t\u00e9 dob\u011b, ryze mu\u017esk\u00fdch obor\u016f nebylo p\u0159ij\u00edm\u00e1no nijak pozitivn\u011b, sp\u00ed\u0161e naopak. Ale dnes, kdy se spole\u010dnost otev\u00edr\u00e1 a tolerance v\u016f\u010di...","datePublished":"2019-08-08","dateModified":"2023-05-03","author":{"@type":"Person","@id":"https:\/\/www.bretong.cz\/author\/#Person","name":"","url":"https:\/\/www.bretong.cz\/author\/","identifier":1,"image":{"@type":"ImageObject","@id":"https:\/\/secure.gravatar.com\/avatar\/01173f1da90dde8adb887d6793fa4e42c4004e53f8d645d9b1cb57c2dee8e188?s=96&d=mm&r=g","url":"https:\/\/secure.gravatar.com\/avatar\/01173f1da90dde8adb887d6793fa4e42c4004e53f8d645d9b1cb57c2dee8e188?s=96&d=mm&r=g","height":96,"width":96}},"publisher":{"@type":"Organization","name":"bretong.cz","logo":{"@type":"ImageObject","@id":"\/logo.png","url":"\/logo.png","width":600,"height":60}},"image":{"@type":"ImageObject","@id":"https:\/\/www.bretong.cz\/wp-content\/uploads\/img_a352616_w3135_t1567079055.jpg","url":"https:\/\/www.bretong.cz\/wp-content\/uploads\/img_a352616_w3135_t1567079055.jpg","height":0,"width":0},"url":"https:\/\/www.bretong.cz\/proc-se-zvysuje-pocet-podnikatelek\/","about":["Podnik\u00e1n\u00ed"],"wordCount":412,"articleBody":"V\u00a0d\u0159\u00edv\u011bj\u0161\u00ed dob\u011b \u017eeny v\u017edy zast\u00e1valy sp\u00ed\u0161e jednodu\u0161\u0161\u00ed pr\u00e1ce, a i kdy\u017e mohly st\u00e1t po boku mu\u017ee podnikatele jako jeho opora, do podnik\u00e1n\u00ed nijak v\u00fdrazn\u011bji nepronikaly. Doba si to ne\u017e\u00e1dala a pokusy \u017een o prora\u017een\u00ed do, v\u00a0t\u00e9 dob\u011b, ryze mu\u017esk\u00fdch obor\u016f nebylo p\u0159ij\u00edm\u00e1no nijak pozitivn\u011b, sp\u00ed\u0161e naopak. Ale dnes, kdy se spole\u010dnost otev\u00edr\u00e1 a tolerance v\u016f\u010di kultur\u00e1m, etnick\u00e9 p\u0159\u00edslu\u0161nosti, sexu\u00e1ln\u00ed orientaci, rodu a tak d\u00e1le, se v\u00fdrazn\u011b posiluje, je v\u0161e jinak. Ve v\u011bt\u0161\u00edch firm\u00e1ch je p\u0159\u00edmo \u017e\u00e1d\u00e1no, aby \u017eeny vykon\u00e1valy pr\u00e1ce, kter\u00e9 d\u0159\u00edve pat\u0159ily pouze mu\u017esk\u00e9mu osazenstvu. Proto u\u017e nen\u00ed takov\u00e1 v\u00fdjimka, \u017ee se setk\u00e1v\u00e1me s\u00a0\u0159idi\u010dkami autobusu a taxi, s\u00a0pilotkami a prezidentkami. A nem\u00e9n\u011b zastoupen\u00fd obor je tak\u00e9 podnik\u00e1n\u00ed.\u00a0Co \u017eeny t\u00e1hne do zakl\u00e1d\u00e1n\u00ed firmy?Podle pr\u016fzkum\u016f \u017eeny do zakl\u00e1d\u00e1n\u00ed firem l\u00e1k\u00e1 hlavn\u011b svoboda a nez\u00e1vislost. R\u00e1dy na sob\u011b pracuj\u00ed a cht\u011bj\u00ed b\u00fdt dobr\u00e9 v\u00a0tom, co d\u011blaj\u00ed. Krom\u011b toho i r\u00e1di leno\u0161\u00ed nebo se naplno v\u011bnuj\u00ed d\u011btem a d\u00edky vlastn\u00ed kari\u00e9\u0159e mohou b\u00fdt pan\u00ed sv\u00e9ho \u010dasu, a nastavit si ho, co nejpohodln\u011bji ke sv\u00e9mu \u017eivotu. Mnoho z\u00a0nich se chce tak\u00e9 zapojit do ve\u0159ejn\u00e9ho d\u011bn\u00ed a svoj\u00ed prac\u00ed podpo\u0159it nejen sebe, ale i spole\u010dnost.V\u00edte \u017ee, o 21. stolet\u00ed se mluv\u00ed jako o dob\u011b \u017eensk\u00e9ho podnik\u00e1n\u00ed?\u00a0V\u00a0jak\u00e9m oboru \u017eeny dominuj\u00ed?Z\u00a0velk\u00e9 v\u011bt\u0161iny \u017eeny vstupuj\u00ed do byznysu v\u00a0oblasti soci\u00e1ln\u00ed a zdravotn\u00ed. A to takov\u00fdm d\u00edlem, \u017ee se zde nach\u00e1z\u00ed v\u00edce firem, kter\u00e9 vedou \u017eeny, ne\u017e kter\u00e9 vedou mu\u017ei. Dal\u0161\u00edm odv\u011bt\u00edm se siln\u00fdm zastoupen\u00edm \u017een je vzd\u011bl\u00e1v\u00e1n\u00ed, a\u017e 40 % firem.\u00a0Jak\u00e9 je celkov\u00e9 zastoupen\u00ed \u017een v\u00a0podnik\u00e1n\u00ed?Za posledn\u00edch p\u00e1r let po\u010det \u017een v\u00a0byznysu rapidn\u011b stoupl, dnes je to konkr\u00e9tn\u011b 15 % spole\u010dnost\u00ed, kter\u00e9 jsou ve v\u00fdhradn\u00edm vlastnictv\u00ed \u017een, a celkov\u011b 17 % spoluvlastn\u00ed s\u00a0mu\u017ei. P\u0159edpokl\u00e1d\u00e1 se, \u017ee v\u00a0z\u00e1vislosti na po\u010dtu nov\u00fdch podnikatelek, kter\u00fdm ka\u017ed\u00fdm rokem p\u0159ib\u00fdv\u00e1 by do roku 2025 m\u011blo b\u00fdt 25\u201330 % firem v\u00a0dr\u017een\u00ed \u017een.                                                                                                                                                                                                                                                                                                                                                                                                "},{"@context":"https:\/\/schema.org\/","@type":"BreadcrumbList","itemListElement":[{"@type":"ListItem","position":1,"name":"Pro\u010d se zvy\u0161uje po\u010det podnikatelek?","item":"https:\/\/www.bretong.cz\/proc-se-zvysuje-pocet-podnikatelek\/#breadcrumbitem"}]}]